{"id":3950,"date":"2021-04-30T09:39:44","date_gmt":"2021-04-30T07:39:44","guid":{"rendered":"https:\/\/www.sylvia-voegele-kopp.de\/blog\/?p=3950"},"modified":"2024-07-27T01:52:40","modified_gmt":"2024-07-26T23:52:40","slug":"wortpreziosen","status":"publish","type":"post","link":"https:\/\/www.sylvia-voegele-kopp.de\/blog\/wortpreziosen\/","title":{"rendered":"Wortpreziosen"},"content":{"rendered":"\n<p>Ich weiss nicht wie es Dir geht. Mir f\u00e4llt mit jedem Tag auf, dass Worte spalten und wie tiefe Keile in das Menschsein eindringen.<\/p>\n\n\n\n<p>Zeit um zu reflektieren.<\/p>\n\n\n\n<p> Worte sind mehr als Sprache, sie sind Wirksamkeiten wie Medizin.<\/p>\n\n\n\n<p>Preziosen  des Dialogs &#8211; der Verbundenheit und der Tiefe allen Seins.<\/p>\n\n\n\n<p>Wortkenner oder Wortk\u00f6nner? Es ist nicht nur das was, sondern auch das wie.<\/p>\n\n\n\n<p>Worte hauchen dem Leben den Wert ein. Sind somit Klebstoff des Dialogs und der Verst\u00e4ndigung. Sei pr\u00e4zise und empfindsam. Worte sollten Diener der Verst\u00e4ndigung sein. T\u00fcr\u00f6ffner in die Herzen des Gegen\u00fcbers. Die Worte zeigen den Seinszustand. Geben einen Blick aufs Grosse und Ganze. Sie sind die Infusionen der Gef\u00fchle und der Stoff f\u00fcr die tiefste Dimension des Gesundseins.<\/p>\n\n\n\n<p>Schweige und lasse den anderen die stillen Boten in Dir h\u00f6ren. In der Stille &#8211; in allem Nichts ruht die Kraft der Sprache. <\/p>\n\n\n\n<p>Sprache anstatt Gerede. Sie braucht Raum ohne Zeit. Sie braucht die tiefe Liebe, alles Urvertrauen und dann die Kraft des Weitertragens. Hinein in die Herzen aller Menschen. <\/p>\n\n\n\n<p>Diese Kraft und Energie die sollten wir f\u00fcr den Dialog nutzen. <\/p>\n\n\n\n<p>Sprache ist wie Ewigkeit und Ewigkeit wie Sprache.<\/p>\n\n\n\n<p>Lasse Dich von meinen Gedanken infizieren und lasse Deine Worte zu Schmuckst\u00fccken des Dialogs werden.<\/p>\n\n\n\n<p>in Liebe und Verbundenheit &#8211; Sylvia <\/p>\n","protected":false},"excerpt":{"rendered":"<p>Ich weiss nicht wie es Dir geht. Mir f\u00e4llt mit jedem Tag auf, dass Worte spalten und wie tiefe Keile in das Menschsein eindringen. Zeit um zu reflektieren. Worte sind mehr als Sprache, sie sind Wirksamkeiten wie Medizin. Preziosen des &hellip; <a href=\"https:\/\/www.sylvia-voegele-kopp.de\/blog\/wortpreziosen\/\">Weiterlesen <span class=\"meta-nav\">&rarr;<\/span><\/a><\/p>\n","protected":false},"author":1,"featured_media":0,"comment_status":"closed","ping_status":"open","sticky":false,"template":"","format":"standard","meta":{"footnotes":""},"categories":[2],"tags":[684,788,790,695,778,789,762,753,825,824,462],"class_list":["post-3950","post","type-post","status-publish","format-standard","hentry","category-palaver","tag-coaching-es-ist-liebe","tag-fridolin-und-malchen-spielewelt","tag-im-spiel-ist-der-mensch-wirklich","tag-kunst-wirtschaft-sylvia-voegele-kopp","tag-kunstprojekt-wunderwelt","tag-morgens-um-sieben-selbstcoachingbuch","tag-wandercoaching-im-biosphaerenpark-schwaebische-alb","tag-wandercoaching-von-berlin-bis-oberschwaben","tag-wir-ist-das-neue-ich","tag-wortpreziosen","tag-zwiefaltendorf"],"_links":{"self":[{"href":"https:\/\/www.sylvia-voegele-kopp.de\/blog\/wp-json\/wp\/v2\/posts\/3950","targetHints":{"allow":["GET"]}}],"collection":[{"href":"https:\/\/www.sylvia-voegele-kopp.de\/blog\/wp-json\/wp\/v2\/posts"}],"about":[{"href":"https:\/\/www.sylvia-voegele-kopp.de\/blog\/wp-json\/wp\/v2\/types\/post"}],"author":[{"embeddable":true,"href":"https:\/\/www.sylvia-voegele-kopp.de\/blog\/wp-json\/wp\/v2\/users\/1"}],"replies":[{"embeddable":true,"href":"https:\/\/www.sylvia-voegele-kopp.de\/blog\/wp-json\/wp\/v2\/comments?post=3950"}],"version-history":[{"count":5,"href":"https:\/\/www.sylvia-voegele-kopp.de\/blog\/wp-json\/wp\/v2\/posts\/3950\/revisions"}],"predecessor-version":[{"id":6363,"href":"https:\/\/www.sylvia-voegele-kopp.de\/blog\/wp-json\/wp\/v2\/posts\/3950\/revisions\/6363"}],"wp:attachment":[{"href":"https:\/\/www.sylvia-voegele-kopp.de\/blog\/wp-json\/wp\/v2\/media?parent=3950"}],"wp:term":[{"taxonomy":"category","embeddable":true,"href":"https:\/\/www.sylvia-voegele-kopp.de\/blog\/wp-json\/wp\/v2\/categories?post=3950"},{"taxonomy":"post_tag","embeddable":true,"href":"https:\/\/www.sylvia-voegele-kopp.de\/blog\/wp-json\/wp\/v2\/tags?post=3950"}],"curies":[{"name":"wp","href":"https:\/\/api.w.org\/{rel}","templated":true}]}}