{"id":3431,"date":"2018-08-12T09:53:24","date_gmt":"2018-08-12T07:53:24","guid":{"rendered":"https:\/\/www.sylvia-voegele-kopp.de\/blog\/?p=3431"},"modified":"2018-08-12T09:53:24","modified_gmt":"2018-08-12T07:53:24","slug":"das-ich-befluegeln","status":"publish","type":"post","link":"https:\/\/www.sylvia-voegele-kopp.de\/blog\/das-ich-befluegeln\/","title":{"rendered":"Das Ich befl\u00fcgeln"},"content":{"rendered":"<p>Wenn Sie im Leben etwas tun, dann machen Sie es nur weil Sie es f\u00fcr sich wollen. Am Ende des Gefallen Wollens wohnt die Freiheit. Sei und Du bist.<\/p>\n<p>W\u00fcnsche allen gute Fl\u00fcgelschl\u00e4ge in die Freiheit.<\/p>\n<p>F\u00fcr Sie von mir an diesem Sonnenmorgen<\/p>\n<p>Ihre Sylvia Voegele-Kopp<\/p>\n","protected":false},"excerpt":{"rendered":"<p>Wenn Sie im Leben etwas tun, dann machen Sie es nur weil Sie es f\u00fcr sich wollen. Am Ende des Gefallen Wollens wohnt die Freiheit. Sei und Du bist. W\u00fcnsche allen gute Fl\u00fcgelschl\u00e4ge in die Freiheit. F\u00fcr Sie von mir &hellip; <a href=\"https:\/\/www.sylvia-voegele-kopp.de\/blog\/das-ich-befluegeln\/\">Weiterlesen <span class=\"meta-nav\">&rarr;<\/span><\/a><\/p>\n","protected":false},"author":1,"featured_media":0,"comment_status":"closed","ping_status":"open","sticky":false,"template":"","format":"standard","meta":{"footnotes":""},"categories":[1],"tags":[645,679,725,724,574,730,582,677,481,738,523,734,733,32,727,498,597,49,739,33,726,732,731,728,729,461,660,462],"class_list":["post-3431","post","type-post","status-publish","format-standard","hentry","category-allgemein","tag-beratung-auf-dem-punkt","tag-berlin-bis-oberschwaben","tag-biberach","tag-biosphaerenpark","tag-deutschland","tag-frischluft-macht-freigeist","tag-gedankenfasten","tag-ideencampus","tag-kunst-wirtschafts-medici-effekt","tag-macht-machen","tag-palaverblog","tag-persoenlichkeit-macht-qualitaet","tag-profil-macht-stark","tag-profilentwicklung","tag-reutlingen","tag-schwabische-alb","tag-schweiz","tag-sich-spiegeln","tag-spiele-im-alltag","tag-sylvia-voegele-kopp","tag-ulm","tag-unternehmerisieren","tag-utopieren","tag-wandercoaching-fuer-fuehrungskraefte","tag-wandercoaching-und-querdenken","tag-wirtschaftscoaching","tag-wirtschaftsphilosophie","tag-zwiefaltendorf"],"_links":{"self":[{"href":"https:\/\/www.sylvia-voegele-kopp.de\/blog\/wp-json\/wp\/v2\/posts\/3431","targetHints":{"allow":["GET"]}}],"collection":[{"href":"https:\/\/www.sylvia-voegele-kopp.de\/blog\/wp-json\/wp\/v2\/posts"}],"about":[{"href":"https:\/\/www.sylvia-voegele-kopp.de\/blog\/wp-json\/wp\/v2\/types\/post"}],"author":[{"embeddable":true,"href":"https:\/\/www.sylvia-voegele-kopp.de\/blog\/wp-json\/wp\/v2\/users\/1"}],"replies":[{"embeddable":true,"href":"https:\/\/www.sylvia-voegele-kopp.de\/blog\/wp-json\/wp\/v2\/comments?post=3431"}],"version-history":[{"count":2,"href":"https:\/\/www.sylvia-voegele-kopp.de\/blog\/wp-json\/wp\/v2\/posts\/3431\/revisions"}],"predecessor-version":[{"id":3433,"href":"https:\/\/www.sylvia-voegele-kopp.de\/blog\/wp-json\/wp\/v2\/posts\/3431\/revisions\/3433"}],"wp:attachment":[{"href":"https:\/\/www.sylvia-voegele-kopp.de\/blog\/wp-json\/wp\/v2\/media?parent=3431"}],"wp:term":[{"taxonomy":"category","embeddable":true,"href":"https:\/\/www.sylvia-voegele-kopp.de\/blog\/wp-json\/wp\/v2\/categories?post=3431"},{"taxonomy":"post_tag","embeddable":true,"href":"https:\/\/www.sylvia-voegele-kopp.de\/blog\/wp-json\/wp\/v2\/tags?post=3431"}],"curies":[{"name":"wp","href":"https:\/\/api.w.org\/{rel}","templated":true}]}}