{"id":3139,"date":"2017-05-22T10:40:08","date_gmt":"2017-05-22T08:40:08","guid":{"rendered":"https:\/\/www.sylvia-voegele-kopp.de\/blog\/?p=3139"},"modified":"2017-05-22T13:14:07","modified_gmt":"2017-05-22T11:14:07","slug":"persoenlichkeit","status":"publish","type":"post","link":"https:\/\/www.sylvia-voegele-kopp.de\/blog\/persoenlichkeit\/","title":{"rendered":"Charakterstark"},"content":{"rendered":"<p>F\u00fchren ist die tiefste Dimension des Verstehens und beginnt mit Selbstf\u00fchrung. Dies wiederum ist eine Frage von Pers\u00f6nlichkeit. Haben Sie es gut mit Ihren Themen durch die Woche. Gehen Sie mit freudigen Schritten bergauf und bergab.<\/p>\n<p>Gedanken f\u00fcr Sie von mir.<\/p>\n<p>Sylvia Voegele-Kopp<\/p>\n<p>&nbsp;<\/p>\n","protected":false},"excerpt":{"rendered":"<p>F\u00fchren ist die tiefste Dimension des Verstehens und beginnt mit Selbstf\u00fchrung. Dies wiederum ist eine Frage von Pers\u00f6nlichkeit. Haben Sie es gut mit Ihren Themen durch die Woche. Gehen Sie mit freudigen Schritten bergauf und bergab. Gedanken f\u00fcr Sie von &hellip; <a href=\"https:\/\/www.sylvia-voegele-kopp.de\/blog\/persoenlichkeit\/\">Weiterlesen <span class=\"meta-nav\">&rarr;<\/span><\/a><\/p>\n","protected":false},"author":1,"featured_media":0,"comment_status":"closed","ping_status":"open","sticky":false,"template":"","format":"standard","meta":{"footnotes":""},"categories":[1],"tags":[23,620,600,76,702,695,692,667,29,698,31,17,597,686,701,33,668,703,537,35,660,615],"class_list":["post-3139","post","type-post","status-publish","format-standard","hentry","category-allgemein","tag-88499-riedlingen","tag-berlin","tag-brand","tag-coaching","tag-fuehrungskraft","tag-kunst-wirtschaft-sylvia-voegele-kopp","tag-macht-und-kraft","tag-mentoring","tag-oberschwaben","tag-paradigmenwechsel","tag-personlichkeitsentwicklung","tag-profil","tag-schweiz","tag-sei-du-ich-bin-auch","tag-selbstmanagment","tag-sylvia-voegele-kopp","tag-teamentwicklung","tag-teamtraining-per-wandercoaching","tag-transformation-der-gedanken","tag-wandercoaching","tag-wirtschaftsphilosophie","tag-www-image4punkt0-de"],"_links":{"self":[{"href":"https:\/\/www.sylvia-voegele-kopp.de\/blog\/wp-json\/wp\/v2\/posts\/3139","targetHints":{"allow":["GET"]}}],"collection":[{"href":"https:\/\/www.sylvia-voegele-kopp.de\/blog\/wp-json\/wp\/v2\/posts"}],"about":[{"href":"https:\/\/www.sylvia-voegele-kopp.de\/blog\/wp-json\/wp\/v2\/types\/post"}],"author":[{"embeddable":true,"href":"https:\/\/www.sylvia-voegele-kopp.de\/blog\/wp-json\/wp\/v2\/users\/1"}],"replies":[{"embeddable":true,"href":"https:\/\/www.sylvia-voegele-kopp.de\/blog\/wp-json\/wp\/v2\/comments?post=3139"}],"version-history":[{"count":11,"href":"https:\/\/www.sylvia-voegele-kopp.de\/blog\/wp-json\/wp\/v2\/posts\/3139\/revisions"}],"predecessor-version":[{"id":3157,"href":"https:\/\/www.sylvia-voegele-kopp.de\/blog\/wp-json\/wp\/v2\/posts\/3139\/revisions\/3157"}],"wp:attachment":[{"href":"https:\/\/www.sylvia-voegele-kopp.de\/blog\/wp-json\/wp\/v2\/media?parent=3139"}],"wp:term":[{"taxonomy":"category","embeddable":true,"href":"https:\/\/www.sylvia-voegele-kopp.de\/blog\/wp-json\/wp\/v2\/categories?post=3139"},{"taxonomy":"post_tag","embeddable":true,"href":"https:\/\/www.sylvia-voegele-kopp.de\/blog\/wp-json\/wp\/v2\/tags?post=3139"}],"curies":[{"name":"wp","href":"https:\/\/api.w.org\/{rel}","templated":true}]}}